{"id":77708,"date":"2024-03-11T14:15:12","date_gmt":"2024-03-11T13:15:12","guid":{"rendered":"https:\/\/www.hkarchitekten.at\/baublog\/ingeborg-pohl-kinderoase-an-der-tu-muenchen\/"},"modified":"2026-02-10T17:28:23","modified_gmt":"2026-02-10T16:28:23","slug":"ingeborg-pohl-kinderoase-an-der-tu-muenchen","status":"publish","type":"baublog","link":"https:\/\/www.hkarchitekten.at\/v80\/en\/baublog\/ingeborg-pohl-kinderoase-an-der-tu-muenchen\/","title":{"rendered":"Ingeborg Pohl Kinderoase TUM, Munich"},"content":{"rendered":"<div class=\"n0-group \" style=\"padding-top: calc( 2 * var(--wp--custom--ntheme--grid--column--width) ); padding-bottom: calc( 0 * var(--wp--custom--ntheme--grid--column--width) ); padding-left: calc( 3 * var(--wp--custom--ntheme--margin--left) ) !important; padding-right: calc( 3 * var(--wp--custom--ntheme--margin--right) ) !important;\">\n<div class=\"wp-block-n0-blocks-n0-group n0-group-content\" style=\"--padding-top:calc(2 * var(--wp--custom--ntheme--grid--column--width));--padding-bottom:calc(0 * var(--wp--custom--ntheme--grid--column--width));--padding-left:calc(3 * var(--wp--custom--ntheme--margin--left));--padding-right:calc(3 * var(--wp--custom--ntheme--margin--right))\"><div class=\"n0-group-inner\">\n<h2 class=\"wp-block-heading\">Corten steel fa\u00e7ade<\/h2>\n<\/div><\/div>\n<\/div>\n\n\n<figure class=\"wp-block-gallery has-nested-images columns-default is-cropped is-style-hk-gallery wp-block-gallery-1 is-layout-flex wp-block-gallery-is-layout-flex\">\n<figure class=\"wp-block-image size-large\"><img loading=\"lazy\" decoding=\"async\" width=\"1600\" height=\"1600\" data-id=\"92729\" src=\"https:\/\/www.hkarchitekten.at\/v74\/wp-content\/uploads\/2026\/02\/b-21-17-25-1600x1600.jpg\" alt=\"\" class=\"wp-image-92729\" srcset=\"https:\/\/www.hkarchitekten.at\/v80\/wp-content\/uploads\/2026\/02\/b-21-17-25-1600x1600.jpg 1600w, https:\/\/www.hkarchitekten.at\/v80\/wp-content\/uploads\/2026\/02\/b-21-17-25-1400x1400.jpg 1400w, https:\/\/www.hkarchitekten.at\/v80\/wp-content\/uploads\/2026\/02\/b-21-17-25-1200x1200.jpg 1200w, https:\/\/www.hkarchitekten.at\/v80\/wp-content\/uploads\/2026\/02\/b-21-17-25-800x800.jpg 800w, https:\/\/www.hkarchitekten.at\/v80\/wp-content\/uploads\/2026\/02\/b-21-17-25-400x400.jpg 400w, https:\/\/www.hkarchitekten.at\/v80\/wp-content\/uploads\/2026\/02\/b-21-17-25-30x30.jpg 30w\" sizes=\"auto, (max-width: 1600px) 100vw, 1600px\" \/><\/figure>\n\n\n\n<figure class=\"wp-block-image size-large\"><img loading=\"lazy\" decoding=\"async\" width=\"1600\" height=\"1600\" data-id=\"92731\" src=\"https:\/\/www.hkarchitekten.at\/v74\/wp-content\/uploads\/2026\/02\/b-21-17-26-1600x1600.jpg\" alt=\"\" class=\"wp-image-92731\" srcset=\"https:\/\/www.hkarchitekten.at\/v80\/wp-content\/uploads\/2026\/02\/b-21-17-26-1600x1600.jpg 1600w, https:\/\/www.hkarchitekten.at\/v80\/wp-content\/uploads\/2026\/02\/b-21-17-26-1400x1400.jpg 1400w, https:\/\/www.hkarchitekten.at\/v80\/wp-content\/uploads\/2026\/02\/b-21-17-26-1200x1200.jpg 1200w, https:\/\/www.hkarchitekten.at\/v80\/wp-content\/uploads\/2026\/02\/b-21-17-26-800x800.jpg 800w, https:\/\/www.hkarchitekten.at\/v80\/wp-content\/uploads\/2026\/02\/b-21-17-26-400x400.jpg 400w, https:\/\/www.hkarchitekten.at\/v80\/wp-content\/uploads\/2026\/02\/b-21-17-26-30x30.jpg 30w\" sizes=\"auto, (max-width: 1600px) 100vw, 1600px\" \/><\/figure>\n<\/figure>\n\n\n\n<div style=\"height:100px\" aria-hidden=\"true\" class=\"wp-block-spacer\"><\/div>\n\n\n\n<figure class=\"wp-block-gallery has-nested-images columns-default is-cropped is-style-hk-gallery wp-block-gallery-2 is-layout-flex wp-block-gallery-is-layout-flex\">\n<figure class=\"wp-block-image size-large\"><img loading=\"lazy\" decoding=\"async\" width=\"1600\" height=\"1600\" data-id=\"92613\" src=\"https:\/\/www.hkarchitekten.at\/v74\/wp-content\/uploads\/2026\/01\/b-21-17-21-1600x1600.jpg\" alt=\"\" class=\"wp-image-92613\" srcset=\"https:\/\/www.hkarchitekten.at\/v80\/wp-content\/uploads\/2026\/01\/b-21-17-21-1600x1600.jpg 1600w, https:\/\/www.hkarchitekten.at\/v80\/wp-content\/uploads\/2026\/01\/b-21-17-21-1400x1400.jpg 1400w, https:\/\/www.hkarchitekten.at\/v80\/wp-content\/uploads\/2026\/01\/b-21-17-21-1200x1200.jpg 1200w, https:\/\/www.hkarchitekten.at\/v80\/wp-content\/uploads\/2026\/01\/b-21-17-21-800x800.jpg 800w, https:\/\/www.hkarchitekten.at\/v80\/wp-content\/uploads\/2026\/01\/b-21-17-21-400x400.jpg 400w, https:\/\/www.hkarchitekten.at\/v80\/wp-content\/uploads\/2026\/01\/b-21-17-21-30x30.jpg 30w\" sizes=\"auto, (max-width: 1600px) 100vw, 1600px\" \/><figcaption class=\"wp-element-caption\">Ingeborg Pohl Kinderoase an der TUM, M\u00fcnchen | Foto Gapp | 2026-01-14<\/figcaption><\/figure>\n\n\n\n<figure class=\"wp-block-image size-large\"><img loading=\"lazy\" decoding=\"async\" width=\"1600\" height=\"1600\" data-id=\"92611\" src=\"https:\/\/www.hkarchitekten.at\/v74\/wp-content\/uploads\/2026\/01\/b-21-17-22-1600x1600.jpg\" alt=\"\" class=\"wp-image-92611\" srcset=\"https:\/\/www.hkarchitekten.at\/v80\/wp-content\/uploads\/2026\/01\/b-21-17-22-1600x1600.jpg 1600w, https:\/\/www.hkarchitekten.at\/v80\/wp-content\/uploads\/2026\/01\/b-21-17-22-1400x1400.jpg 1400w, https:\/\/www.hkarchitekten.at\/v80\/wp-content\/uploads\/2026\/01\/b-21-17-22-1200x1200.jpg 1200w, https:\/\/www.hkarchitekten.at\/v80\/wp-content\/uploads\/2026\/01\/b-21-17-22-800x800.jpg 800w, https:\/\/www.hkarchitekten.at\/v80\/wp-content\/uploads\/2026\/01\/b-21-17-22-400x400.jpg 400w, https:\/\/www.hkarchitekten.at\/v80\/wp-content\/uploads\/2026\/01\/b-21-17-22-30x30.jpg 30w\" sizes=\"auto, (max-width: 1600px) 100vw, 1600px\" \/><figcaption class=\"wp-element-caption\">Ingeborg Pohl Kinderoase an der TUM, M\u00fcnchen | Foto Gapp | 2026-01-14<\/figcaption><\/figure>\n<\/figure>\n\n\n\n<div style=\"height:100px\" aria-hidden=\"true\" class=\"wp-block-spacer\"><\/div>\n\n\n\n<figure class=\"wp-block-gallery has-nested-images columns-default is-cropped is-style-hk-gallery wp-block-gallery-3 is-layout-flex wp-block-gallery-is-layout-flex\">\n<figure class=\"wp-block-image size-large\"><img loading=\"lazy\" decoding=\"async\" width=\"1600\" height=\"900\" data-id=\"92604\" src=\"https:\/\/www.hkarchitekten.at\/v74\/wp-content\/uploads\/2026\/01\/b-21-17-19-1600x900.jpg\" alt=\"\" class=\"wp-image-92604\" srcset=\"https:\/\/www.hkarchitekten.at\/v80\/wp-content\/uploads\/2026\/01\/b-21-17-19-1600x900.jpg 1600w, https:\/\/www.hkarchitekten.at\/v80\/wp-content\/uploads\/2026\/01\/b-21-17-19-800x450.jpg 800w, https:\/\/www.hkarchitekten.at\/v80\/wp-content\/uploads\/2026\/01\/b-21-17-19-400x225.jpg 400w, https:\/\/www.hkarchitekten.at\/v80\/wp-content\/uploads\/2026\/01\/b-21-17-19-1400x788.jpg 1400w, https:\/\/www.hkarchitekten.at\/v80\/wp-content\/uploads\/2026\/01\/b-21-17-19-30x17.jpg 30w, https:\/\/www.hkarchitekten.at\/v80\/wp-content\/uploads\/2026\/01\/b-21-17-19-100x56.jpg 100w\" sizes=\"auto, (max-width: 1600px) 100vw, 1600px\" \/><figcaption class=\"wp-element-caption\">Ingeborg Pohl Kinderoase an der TUM, M\u00fcnchen | Foto HK Architekten | 2026-01-14<\/figcaption><\/figure>\n<\/figure>\n\n\n\n<div style=\"height:100px\" aria-hidden=\"true\" class=\"wp-block-spacer\"><\/div>\n\n\n\n<figure class=\"wp-block-gallery has-nested-images columns-default is-cropped is-style-hk-gallery wp-block-gallery-4 is-layout-flex wp-block-gallery-is-layout-flex\">\n<figure class=\"wp-block-image size-large\"><img loading=\"lazy\" decoding=\"async\" width=\"900\" height=\"1600\" data-id=\"92608\" src=\"https:\/\/www.hkarchitekten.at\/v74\/wp-content\/uploads\/2026\/01\/b-21-17-18-900x1600.jpg\" alt=\"\" class=\"wp-image-92608\" srcset=\"https:\/\/www.hkarchitekten.at\/v80\/wp-content\/uploads\/2026\/01\/b-21-17-18-900x1600.jpg 900w, https:\/\/www.hkarchitekten.at\/v80\/wp-content\/uploads\/2026\/01\/b-21-17-18-788x1400.jpg 788w, https:\/\/www.hkarchitekten.at\/v80\/wp-content\/uploads\/2026\/01\/b-21-17-18-17x30.jpg 17w, https:\/\/www.hkarchitekten.at\/v80\/wp-content\/uploads\/2026\/01\/b-21-17-18-1350x2400.jpg 1350w\" sizes=\"auto, (max-width: 900px) 100vw, 900px\" \/><figcaption class=\"wp-element-caption\">Ingeborg Pohl Kinderoase an der TUM, M\u00fcnchen | Foto HK Architekten | 2026-01-14<\/figcaption><\/figure>\n<\/figure>\n\n\n\n<div style=\"height:100px\" aria-hidden=\"true\" class=\"wp-block-spacer\"><\/div>\n\n\n\n<figure class=\"wp-block-gallery has-nested-images columns-default is-cropped is-style-hk-gallery wp-block-gallery-5 is-layout-flex wp-block-gallery-is-layout-flex\">\n<figure class=\"wp-block-image size-large\"><img loading=\"lazy\" decoding=\"async\" width=\"1600\" height=\"1067\" data-id=\"92606\" src=\"https:\/\/www.hkarchitekten.at\/v74\/wp-content\/uploads\/2026\/01\/b-21-17-20-1600x1067.jpg\" alt=\"\" class=\"wp-image-92606\" srcset=\"https:\/\/www.hkarchitekten.at\/v80\/wp-content\/uploads\/2026\/01\/b-21-17-20-1600x1067.jpg 1600w, https:\/\/www.hkarchitekten.at\/v80\/wp-content\/uploads\/2026\/01\/b-21-17-20-1400x933.jpg 1400w, https:\/\/www.hkarchitekten.at\/v80\/wp-content\/uploads\/2026\/01\/b-21-17-20-1200x800.jpg 1200w, https:\/\/www.hkarchitekten.at\/v80\/wp-content\/uploads\/2026\/01\/b-21-17-20-800x533.jpg 800w, https:\/\/www.hkarchitekten.at\/v80\/wp-content\/uploads\/2026\/01\/b-21-17-20-400x267.jpg 400w, https:\/\/www.hkarchitekten.at\/v80\/wp-content\/uploads\/2026\/01\/b-21-17-20-30x20.jpg 30w\" sizes=\"auto, (max-width: 1600px) 100vw, 1600px\" \/><figcaption class=\"wp-element-caption\">Ingeborg Pohl Kinderoase an der TUM, M\u00fcnchen | Foto HK Architekten | 2026-01-14<\/figcaption><\/figure>\n<\/figure>\n\n\n\n<div style=\"height:100px\" aria-hidden=\"true\" class=\"wp-block-spacer\"><\/div>\n\n\n\n<figure class=\"wp-block-gallery has-nested-images columns-default is-cropped is-style-hk-gallery wp-block-gallery-6 is-layout-flex wp-block-gallery-is-layout-flex\">\n<figure class=\"wp-block-image size-large\"><img loading=\"lazy\" decoding=\"async\" width=\"1600\" height=\"1067\" data-id=\"90400\" src=\"https:\/\/www.hkarchitekten.at\/v74\/wp-content\/uploads\/2025\/09\/2025-09-03-Richtfest-TUM-Kinderoase-3-1600x1067.jpg\" alt=\"\" class=\"wp-image-90400\" srcset=\"https:\/\/www.hkarchitekten.at\/v80\/wp-content\/uploads\/2025\/09\/2025-09-03-Richtfest-TUM-Kinderoase-3-1600x1067.jpg 1600w, https:\/\/www.hkarchitekten.at\/v80\/wp-content\/uploads\/2025\/09\/2025-09-03-Richtfest-TUM-Kinderoase-3-1400x933.jpg 1400w, https:\/\/www.hkarchitekten.at\/v80\/wp-content\/uploads\/2025\/09\/2025-09-03-Richtfest-TUM-Kinderoase-3-1200x800.jpg 1200w, https:\/\/www.hkarchitekten.at\/v80\/wp-content\/uploads\/2025\/09\/2025-09-03-Richtfest-TUM-Kinderoase-3-800x533.jpg 800w, https:\/\/www.hkarchitekten.at\/v80\/wp-content\/uploads\/2025\/09\/2025-09-03-Richtfest-TUM-Kinderoase-3-400x267.jpg 400w, https:\/\/www.hkarchitekten.at\/v80\/wp-content\/uploads\/2025\/09\/2025-09-03-Richtfest-TUM-Kinderoase-3-30x20.jpg 30w\" sizes=\"auto, (max-width: 1600px) 100vw, 1600px\" \/><\/figure>\n<\/figure>\n\n\n\n<div style=\"height:100px\" aria-hidden=\"true\" class=\"wp-block-spacer\"><\/div>\n\n\n<div class=\"n0-group \" style=\"padding-top: calc( 2 * var(--wp--custom--ntheme--grid--column--width) ); padding-bottom: calc( 0 * var(--wp--custom--ntheme--grid--column--width) ); padding-left: calc( 3 * var(--wp--custom--ntheme--margin--left) ) !important; padding-right: calc( 3 * var(--wp--custom--ntheme--margin--right) ) !important;\">\n<div class=\"wp-block-n0-blocks-n0-group n0-group-content\" style=\"--padding-top:calc(2 * var(--wp--custom--ntheme--grid--column--width));--padding-bottom:calc(0 * var(--wp--custom--ntheme--grid--column--width));--padding-left:calc(3 * var(--wp--custom--ntheme--margin--left));--padding-right:calc(3 * var(--wp--custom--ntheme--margin--right))\"><div class=\"n0-group-inner\">\n<h2 class=\"wp-block-heading\">Topping-Out Ceremony<\/h2>\n\n\n\n<p>On September 3, the <em>Children\u2019s Oasis<\/em> at the Technical University of Munich celebrated its topping-out ceremony. With great dedication, Fetz Holzbau raised the traditional topping-out tree.<\/p>\n\n\n\n<p>Under the late-summer sun, speeches were given by the donor Ingeborg Pohl, architects Francis K\u00e9r\u00e9 and Hermann Kaufmann, as well as project manager Antony Gro\u00df. Following the speeches, guests were invited to tour the construction site.<\/p>\n\n\n\n<p>A truly wonderful celebration that has sparked anticipation for the completion of the Children\u2019s Oasis!<\/p>\n<\/div><\/div>\n<\/div>\n\n\n<figure class=\"wp-block-gallery has-nested-images columns-default is-cropped is-style-hk-gallery wp-block-gallery-7 is-layout-flex wp-block-gallery-is-layout-flex\">\n<figure class=\"wp-block-image size-large\"><img loading=\"lazy\" decoding=\"async\" width=\"1600\" height=\"1067\" data-id=\"90416\" src=\"https:\/\/www.hkarchitekten.at\/v74\/wp-content\/uploads\/2025\/09\/2025-09-03-Richtfest-TUM-Kinderoase-11-1600x1067.jpg\" alt=\"\" class=\"wp-image-90416\" srcset=\"https:\/\/www.hkarchitekten.at\/v80\/wp-content\/uploads\/2025\/09\/2025-09-03-Richtfest-TUM-Kinderoase-11-1600x1067.jpg 1600w, https:\/\/www.hkarchitekten.at\/v80\/wp-content\/uploads\/2025\/09\/2025-09-03-Richtfest-TUM-Kinderoase-11-1400x933.jpg 1400w, https:\/\/www.hkarchitekten.at\/v80\/wp-content\/uploads\/2025\/09\/2025-09-03-Richtfest-TUM-Kinderoase-11-1200x800.jpg 1200w, https:\/\/www.hkarchitekten.at\/v80\/wp-content\/uploads\/2025\/09\/2025-09-03-Richtfest-TUM-Kinderoase-11-800x533.jpg 800w, https:\/\/www.hkarchitekten.at\/v80\/wp-content\/uploads\/2025\/09\/2025-09-03-Richtfest-TUM-Kinderoase-11-400x267.jpg 400w, https:\/\/www.hkarchitekten.at\/v80\/wp-content\/uploads\/2025\/09\/2025-09-03-Richtfest-TUM-Kinderoase-11-30x20.jpg 30w\" sizes=\"auto, (max-width: 1600px) 100vw, 1600px\" \/><\/figure>\n<\/figure>\n\n\n\n<div style=\"height:100px\" aria-hidden=\"true\" class=\"wp-block-spacer\"><\/div>\n\n\n\n<figure class=\"wp-block-gallery has-nested-images columns-default is-cropped is-style-hk-gallery wp-block-gallery-8 is-layout-flex wp-block-gallery-is-layout-flex\">\n<figure class=\"wp-block-image size-large\"><img loading=\"lazy\" decoding=\"async\" width=\"1600\" height=\"1067\" data-id=\"90408\" src=\"https:\/\/www.hkarchitekten.at\/v74\/wp-content\/uploads\/2025\/09\/2025-09-03-Richtfest-TUM-Kinderoase-7-1600x1067.jpg\" alt=\"\" class=\"wp-image-90408\" srcset=\"https:\/\/www.hkarchitekten.at\/v80\/wp-content\/uploads\/2025\/09\/2025-09-03-Richtfest-TUM-Kinderoase-7-1600x1067.jpg 1600w, https:\/\/www.hkarchitekten.at\/v80\/wp-content\/uploads\/2025\/09\/2025-09-03-Richtfest-TUM-Kinderoase-7-1400x933.jpg 1400w, https:\/\/www.hkarchitekten.at\/v80\/wp-content\/uploads\/2025\/09\/2025-09-03-Richtfest-TUM-Kinderoase-7-1200x800.jpg 1200w, https:\/\/www.hkarchitekten.at\/v80\/wp-content\/uploads\/2025\/09\/2025-09-03-Richtfest-TUM-Kinderoase-7-800x533.jpg 800w, https:\/\/www.hkarchitekten.at\/v80\/wp-content\/uploads\/2025\/09\/2025-09-03-Richtfest-TUM-Kinderoase-7-400x267.jpg 400w, https:\/\/www.hkarchitekten.at\/v80\/wp-content\/uploads\/2025\/09\/2025-09-03-Richtfest-TUM-Kinderoase-7-30x20.jpg 30w\" sizes=\"auto, (max-width: 1600px) 100vw, 1600px\" \/><\/figure>\n\n\n\n<figure class=\"wp-block-image size-large\"><img loading=\"lazy\" decoding=\"async\" width=\"1600\" height=\"1067\" data-id=\"90410\" src=\"https:\/\/www.hkarchitekten.at\/v74\/wp-content\/uploads\/2025\/09\/2025-09-03-Richtfest-TUM-Kinderoase-8-1600x1067.jpg\" alt=\"\" class=\"wp-image-90410\" srcset=\"https:\/\/www.hkarchitekten.at\/v80\/wp-content\/uploads\/2025\/09\/2025-09-03-Richtfest-TUM-Kinderoase-8-1600x1067.jpg 1600w, https:\/\/www.hkarchitekten.at\/v80\/wp-content\/uploads\/2025\/09\/2025-09-03-Richtfest-TUM-Kinderoase-8-1400x933.jpg 1400w, https:\/\/www.hkarchitekten.at\/v80\/wp-content\/uploads\/2025\/09\/2025-09-03-Richtfest-TUM-Kinderoase-8-1200x800.jpg 1200w, https:\/\/www.hkarchitekten.at\/v80\/wp-content\/uploads\/2025\/09\/2025-09-03-Richtfest-TUM-Kinderoase-8-800x533.jpg 800w, https:\/\/www.hkarchitekten.at\/v80\/wp-content\/uploads\/2025\/09\/2025-09-03-Richtfest-TUM-Kinderoase-8-400x267.jpg 400w, https:\/\/www.hkarchitekten.at\/v80\/wp-content\/uploads\/2025\/09\/2025-09-03-Richtfest-TUM-Kinderoase-8-30x20.jpg 30w\" sizes=\"auto, (max-width: 1600px) 100vw, 1600px\" \/><\/figure>\n<\/figure>\n\n\n\n<div style=\"height:100px\" aria-hidden=\"true\" class=\"wp-block-spacer\"><\/div>\n\n\n\n<figure class=\"wp-block-gallery has-nested-images columns-default is-cropped is-style-hk-gallery wp-block-gallery-9 is-layout-flex wp-block-gallery-is-layout-flex\">\n<figure class=\"wp-block-image size-large\"><img loading=\"lazy\" decoding=\"async\" width=\"1600\" height=\"1067\" data-id=\"90406\" src=\"https:\/\/www.hkarchitekten.at\/v74\/wp-content\/uploads\/2025\/09\/2025-09-03-Richtfest-TUM-Kinderoase-6-1600x1067.jpg\" alt=\"\" class=\"wp-image-90406\" srcset=\"https:\/\/www.hkarchitekten.at\/v80\/wp-content\/uploads\/2025\/09\/2025-09-03-Richtfest-TUM-Kinderoase-6-1600x1067.jpg 1600w, https:\/\/www.hkarchitekten.at\/v80\/wp-content\/uploads\/2025\/09\/2025-09-03-Richtfest-TUM-Kinderoase-6-1400x933.jpg 1400w, https:\/\/www.hkarchitekten.at\/v80\/wp-content\/uploads\/2025\/09\/2025-09-03-Richtfest-TUM-Kinderoase-6-1200x800.jpg 1200w, https:\/\/www.hkarchitekten.at\/v80\/wp-content\/uploads\/2025\/09\/2025-09-03-Richtfest-TUM-Kinderoase-6-800x533.jpg 800w, https:\/\/www.hkarchitekten.at\/v80\/wp-content\/uploads\/2025\/09\/2025-09-03-Richtfest-TUM-Kinderoase-6-400x267.jpg 400w, https:\/\/www.hkarchitekten.at\/v80\/wp-content\/uploads\/2025\/09\/2025-09-03-Richtfest-TUM-Kinderoase-6-30x20.jpg 30w\" sizes=\"auto, (max-width: 1600px) 100vw, 1600px\" \/><\/figure>\n<\/figure>\n\n\n\n<div style=\"height:100px\" aria-hidden=\"true\" class=\"wp-block-spacer\"><\/div>\n\n\n\n<div id=\"grid-hyyaylj\" data-grid-id=\"grid-hyyaylj\" style=\"--grid-col-count:24;\" class=\"wp-block-n0-blocks-n0-grid n0-grid auto-height\">\n<div id=\"n0id-wv0ujjs\" class=\"wp-block-n0-blocks-n0-grid-item n0-grid-item halign-left valign-top\" style=\"--cs-start:6;--cw-span:6;--rs-start:2;--rh-span:11;--cs-start-m:5;--cw-span-m:15;--rs-start-m:2;--rh-span-m:27;--cs-start-s:5;--cw-span-s:18;--rs-start-s:2;--rh-span-s:26\"> <div class=\"n0-video video-embed n0-aspect-9-16\"><iframe src=\"https:\/\/player.vimeo.com\/video\/1117088815\" frameborder=\"0\" allow=\"autoplay; fullscreen\" allowfullscreen><\/iframe><\/div><\/div>\n<\/div>\n\n\n\n<div style=\"height:100px\" aria-hidden=\"true\" class=\"wp-block-spacer\"><\/div>\n\n\n\n\n\n<figure class=\"wp-block-gallery has-nested-images columns-default is-cropped is-style-hk-gallery wp-block-gallery-10 is-layout-flex wp-block-gallery-is-layout-flex\">\n<figure class=\"wp-block-image size-large\"><img decoding=\"async\" data-id=\"80550\" src=\"https:\/\/www.hkarchitekten.at\/v72\/wp-content\/uploads\/2025\/07\/b-21_17-11-1200x1600.jpg\" alt=\"\" class=\"wp-image-80550\"\/><\/figure>\n<\/figure>\n\n\n\n<div style=\"height:100px\" aria-hidden=\"true\" class=\"wp-block-spacer\"><\/div>\n\n\n\n<figure class=\"wp-block-gallery has-nested-images columns-default is-cropped is-style-hk-gallery wp-block-gallery-11 is-layout-flex wp-block-gallery-is-layout-flex\">\n<figure class=\"wp-block-image size-large\"><img decoding=\"async\" data-id=\"80546\" src=\"https:\/\/www.hkarchitekten.at\/v72\/wp-content\/uploads\/2025\/07\/b-21_17-13-1200x1600.jpg\" alt=\"\" class=\"wp-image-80546\"\/><\/figure>\n\n\n\n<figure class=\"wp-block-image size-large\"><img decoding=\"async\" data-id=\"80552\" src=\"https:\/\/www.hkarchitekten.at\/v72\/wp-content\/uploads\/2025\/07\/b-21_17-12-1200x1600.jpg\" alt=\"\" class=\"wp-image-80552\"\/><\/figure>\n<\/figure>\n\n\n\n<div style=\"height:100px\" aria-hidden=\"true\" class=\"wp-block-spacer\"><\/div>\n\n\n\n<figure class=\"wp-block-gallery has-nested-images columns-default is-cropped is-style-hk-gallery wp-block-gallery-12 is-layout-flex wp-block-gallery-is-layout-flex\">\n<figure class=\"wp-block-image size-large\"><img decoding=\"async\" data-id=\"80544\" src=\"https:\/\/www.hkarchitekten.at\/v72\/wp-content\/uploads\/2025\/07\/b-21_17-9-1600x1200.jpg\" alt=\"\" class=\"wp-image-80544\"\/><figcaption class=\"wp-element-caption\">Ingeborg Pohl Kinderoase an der TUM, M\u00fcnchen | Foto \nGapp | 2025-06-17<\/figcaption><\/figure>\n<\/figure>\n\n\n\n<div style=\"height:100px\" aria-hidden=\"true\" class=\"wp-block-spacer\"><\/div>\n\n\n\n<figure class=\"wp-block-gallery has-nested-images columns-default is-cropped is-style-hk-gallery wp-block-gallery-13 is-layout-flex wp-block-gallery-is-layout-flex\">\n<figure class=\"wp-block-image size-large\"><img decoding=\"async\" data-id=\"80558\" src=\"https:\/\/www.hkarchitekten.at\/v72\/wp-content\/uploads\/2025\/07\/b-21_17-8-1600x1200.jpg\" alt=\"\" class=\"wp-image-80558\"\/><\/figure>\n<\/figure>\n\n\n\n<div style=\"height:100px\" aria-hidden=\"true\" class=\"wp-block-spacer\"><\/div>\n\n\n\n<figure class=\"wp-block-gallery has-nested-images columns-default is-cropped is-style-hk-gallery wp-block-gallery-14 is-layout-flex wp-block-gallery-is-layout-flex\">\n<figure class=\"wp-block-image size-large\"><img decoding=\"async\" data-id=\"80554\" src=\"https:\/\/www.hkarchitekten.at\/v72\/wp-content\/uploads\/2025\/07\/b-21_17-6-1200x1600.jpg\" alt=\"\" class=\"wp-image-80554\"\/><\/figure>\n\n\n\n<figure class=\"wp-block-image size-large\"><img decoding=\"async\" data-id=\"80556\" src=\"https:\/\/www.hkarchitekten.at\/v72\/wp-content\/uploads\/2025\/07\/b-21_17-7-1600x1200.jpg\" alt=\"\" class=\"wp-image-80556\"\/><\/figure>\n<\/figure>\n\n\n\n<div style=\"height:100px\" aria-hidden=\"true\" class=\"wp-block-spacer\"><\/div>\n\n\n\n<figure class=\"wp-block-gallery has-nested-images columns-default is-cropped is-style-hk-gallery wp-block-gallery-15 is-layout-flex wp-block-gallery-is-layout-flex\">\n<figure class=\"wp-block-image size-large\"><img decoding=\"async\" data-id=\"80387\" src=\"https:\/\/www.hkarchitekten.at\/v72\/wp-content\/uploads\/2025\/06\/b-21_17-2-1200x1600.jpg\" alt=\"\" class=\"wp-image-80387\"\/><\/figure>\n\n\n\n<figure class=\"wp-block-image size-large\"><img decoding=\"async\" data-id=\"80391\" src=\"https:\/\/www.hkarchitekten.at\/v72\/wp-content\/uploads\/2025\/06\/b-21_17-4-1200x1600.jpg\" alt=\"\" class=\"wp-image-80391\"\/><\/figure>\n<\/figure>\n\n\n\n<div style=\"height:100px\" aria-hidden=\"true\" class=\"wp-block-spacer\"><\/div>\n\n\n\n<figure class=\"wp-block-gallery has-nested-images columns-default is-cropped is-style-hk-gallery wp-block-gallery-16 is-layout-flex wp-block-gallery-is-layout-flex\">\n<figure class=\"wp-block-image size-large\"><img decoding=\"async\" data-id=\"80385\" src=\"https:\/\/www.hkarchitekten.at\/v72\/wp-content\/uploads\/2025\/06\/b-21_17-5-1200x1600.jpg\" alt=\"\" class=\"wp-image-80385\"\/><\/figure>\n\n\n\n<figure class=\"wp-block-image size-large\"><img decoding=\"async\" data-id=\"80389\" src=\"https:\/\/www.hkarchitekten.at\/v72\/wp-content\/uploads\/2025\/06\/b-21_17-3-1200x1600.jpg\" alt=\"\" class=\"wp-image-80389\"\/><\/figure>\n<\/figure>\n\n\n\n<div style=\"height:100px\" aria-hidden=\"true\" class=\"wp-block-spacer\"><\/div>\n\n\n\n<div id=\"grid-hyyaylj\" data-grid-id=\"grid-hyyaylj\" style=\"--grid-col-count:24;\" class=\"wp-block-n0-blocks-n0-grid n0-grid auto-height\">\n<div id=\"n0id-wv0ujjs\" class=\"wp-block-n0-blocks-n0-grid-item n0-grid-item halign-left valign-top\" style=\"--cs-start:6;--cw-span:6;--rs-start:2;--rh-span:11;--cs-start-m:5;--cw-span-m:15;--rs-start-m:2;--rh-span-m:27;--cs-start-s:5;--cw-span-s:18;--rs-start-s:2;--rh-span-s:26\"> <div class=\"n0-video video-embed n0-aspect-9-16\"><iframe src=\"https:\/\/player.vimeo.com\/video\/1076045240\" frameborder=\"0\" allow=\"autoplay; fullscreen\" allowfullscreen><\/iframe><\/div><\/div>\n<\/div>\n\n\n\n<figure class=\"wp-block-gallery has-nested-images columns-default is-cropped is-style-hk-gallery wp-block-gallery-17 is-layout-flex wp-block-gallery-is-layout-flex\">\n<figure class=\"wp-block-image size-large\"><a href=\"https:\/\/www.hkarchitekten.at\/v74\/wp-content\/uploads\/2024\/04\/21_17-renderings-4-scaled.jpg\"><img loading=\"lazy\" decoding=\"async\" width=\"2560\" height=\"2560\" data-id=\"77405\" src=\"https:\/\/www.hkarchitekten.at\/v74\/wp-content\/uploads\/2024\/04\/21_17-renderings-4-edited-scaled.jpg\" alt=\"\" class=\"wp-image-77405\" srcset=\"https:\/\/www.hkarchitekten.at\/v80\/wp-content\/uploads\/2024\/04\/21_17-renderings-4-edited-scaled.jpg 2560w, https:\/\/www.hkarchitekten.at\/v80\/wp-content\/uploads\/2024\/04\/21_17-renderings-4-edited-1600x1600.jpg 1600w, https:\/\/www.hkarchitekten.at\/v80\/wp-content\/uploads\/2024\/04\/21_17-renderings-4-edited-1400x1400.jpg 1400w, https:\/\/www.hkarchitekten.at\/v80\/wp-content\/uploads\/2024\/04\/21_17-renderings-4-edited-30x30.jpg 30w\" sizes=\"auto, (max-width: 2560px) 100vw, 2560px\" \/><\/a><figcaption class=\"wp-element-caption\">Ingeborg Pohl Kinderoase an der TUM, M\u00fcnchen | Ansicht Fassade | Rendering K\u00e9r\u00e9 Architecture<\/figcaption><\/figure>\n<\/figure>\n\n\n\n<div id=\"grid-hyyaylj\" data-grid-id=\"grid-hyyaylj\" style=\"--grid-col-count:24;\" class=\"wp-block-n0-blocks-n0-grid n0-grid auto-height\">\n<div id=\"n0id-wv0ujjs\" class=\"wp-block-n0-blocks-n0-grid-item n0-grid-item halign-left valign-top\" style=\"--cs-start:5;--cw-span:18;--rs-start:1;--rh-span:10;--cs-start-m:5;--cw-span-m:18;--rs-start-m:1;--rh-span-m:10;--cs-start-s:5;--cw-span-s:18;--rs-start-s:1;--rh-span-s:10\">         <div class=\"n0-video n0-aspect-16-9\">\n            <a class=\"n0-video-link\" href=\"https:\/\/vimeo.com\/1076045240\" data-fancybox=\"n0-video\" data-type=\"iframe\" target=\"_blank\" rel=\"noopener\">\n                                    <img decoding=\"async\" class=\"n0-video-thumbnail\" src=\"https:\/\/i.vimeocdn.com\/video\/2039897215-a6d148835c8feb0701e44ccdcc5ca3e9891b04d5ea1d55d3e2db13842b61b242-d_1920x1080.jpg\" alt=\"Fundamentaufbau\" \/>\n                                                    <div class=\"n0-video-title\">Fundamentaufbau<\/div>\n                                <div class=\"n0-video-play-button\" aria-hidden=\"true\"><\/div>\n            <\/a>\n        <\/div>\n        <\/div>\n<\/div>\n\n\n\n<div style=\"height:100px\" aria-hidden=\"true\" class=\"wp-block-spacer\"><\/div>\n\n\n\n<div style=\"height:100px\" aria-hidden=\"true\" class=\"wp-block-spacer\"><\/div>\n\n\n\n<figure class=\"wp-block-gallery has-nested-images columns-default is-cropped is-style-hk-gallery wp-block-gallery-18 is-layout-flex wp-block-gallery-is-layout-flex\">\n<figure class=\"wp-block-image size-large\"><a href=\"https:\/\/www.hkarchitekten.at\/v74\/wp-content\/uploads\/2024\/04\/21_17-renderings-7-scaled.jpg\"><img loading=\"lazy\" decoding=\"async\" width=\"1600\" height=\"800\" data-id=\"77374\" src=\"https:\/\/www.hkarchitekten.at\/v74\/wp-content\/uploads\/2024\/04\/21_17-renderings-7-1600x800.jpg\" alt=\"\" class=\"wp-image-77374\" srcset=\"https:\/\/www.hkarchitekten.at\/v80\/wp-content\/uploads\/2024\/04\/21_17-renderings-7-1600x800.jpg 1600w, https:\/\/www.hkarchitekten.at\/v80\/wp-content\/uploads\/2024\/04\/21_17-renderings-7-1400x700.jpg 1400w, https:\/\/www.hkarchitekten.at\/v80\/wp-content\/uploads\/2024\/04\/21_17-renderings-7-30x15.jpg 30w\" sizes=\"auto, (max-width: 1600px) 100vw, 1600px\" \/><\/a><figcaption class=\"wp-element-caption\">Ingeborg Pohl Kinderoase an der TUM, M\u00fcnchen | Lageplan | Rendering K\u00e9r\u00e9 Architecture<\/figcaption><\/figure>\n<\/figure>\n\n\n\n<div style=\"height:100px\" aria-hidden=\"true\" class=\"wp-block-spacer\"><\/div>\n\n\n\n<figure class=\"wp-block-gallery has-nested-images columns-default is-cropped is-style-hk-gallery wp-block-gallery-19 is-layout-flex wp-block-gallery-is-layout-flex\">\n<figure class=\"wp-block-image size-large\"><a href=\"https:\/\/www.hkarchitekten.at\/v74\/wp-content\/uploads\/2024\/04\/21_17-renderings-6-scaled.jpg\"><img decoding=\"async\" data-id=\"77372\" src=\"https:\/\/www.hkarchitekten.at\/v74\/wp-content\/uploads\/2024\/04\/21_17-renderings-6-1600x800.jpg\" alt=\"\" class=\"wp-image-77372\"\/><\/a><figcaption class=\"wp-element-caption\">Ingeborg Pohl Kinderoase an der TUM, M\u00fcnchen | Himmelswiese | Rendering K\u00e9r\u00e9 Architecture<\/figcaption><\/figure>\n<\/figure>\n\n\n\n<div style=\"height:100px\" aria-hidden=\"true\" class=\"wp-block-spacer\"><\/div>\n\n\n\n<figure class=\"wp-block-gallery has-nested-images columns-default is-cropped is-style-hk-gallery wp-block-gallery-20 is-layout-flex wp-block-gallery-is-layout-flex\">\n<figure class=\"wp-block-image size-large is-style-hk-image\"><a href=\"https:\/\/www.hkarchitekten.at\/v74\/wp-content\/uploads\/2024\/04\/21_17-renderings-1-scaled.jpg\"><img loading=\"lazy\" decoding=\"async\" width=\"1600\" height=\"800\" data-id=\"77378\" src=\"https:\/\/www.hkarchitekten.at\/v74\/wp-content\/uploads\/2024\/04\/21_17-renderings-1-1600x800.jpg\" alt=\"\" class=\"wp-image-77378\" srcset=\"https:\/\/www.hkarchitekten.at\/v80\/wp-content\/uploads\/2024\/04\/21_17-renderings-1-1600x800.jpg 1600w, https:\/\/www.hkarchitekten.at\/v80\/wp-content\/uploads\/2024\/04\/21_17-renderings-1-1400x700.jpg 1400w, https:\/\/www.hkarchitekten.at\/v80\/wp-content\/uploads\/2024\/04\/21_17-renderings-1-30x15.jpg 30w\" sizes=\"auto, (max-width: 1600px) 100vw, 1600px\" \/><\/a><figcaption class=\"wp-element-caption\">Ingeborg Pohl Kinderoase an der TUM, M\u00fcnchen | Gruppenraum | Rendering K\u00e9r\u00e9 Architecture<\/figcaption><\/figure>\n<\/figure>\n\n\n\n<div style=\"height:100px\" aria-hidden=\"true\" class=\"wp-block-spacer\"><\/div>\n\n\n\n<figure class=\"wp-block-gallery has-nested-images columns-default is-cropped is-style-hk-gallery wp-block-gallery-21 is-layout-flex wp-block-gallery-is-layout-flex\">\n<figure class=\"wp-block-image size-large\"><a href=\"https:\/\/www.hkarchitekten.at\/v74\/wp-content\/uploads\/2024\/04\/21_17-renderings-3-scaled.jpg\"><img loading=\"lazy\" decoding=\"async\" width=\"1600\" height=\"800\" data-id=\"77382\" src=\"https:\/\/www.hkarchitekten.at\/v74\/wp-content\/uploads\/2024\/04\/21_17-renderings-3-1600x800.jpg\" alt=\"\" class=\"wp-image-77382\" srcset=\"https:\/\/www.hkarchitekten.at\/v80\/wp-content\/uploads\/2024\/04\/21_17-renderings-3-1600x800.jpg 1600w, https:\/\/www.hkarchitekten.at\/v80\/wp-content\/uploads\/2024\/04\/21_17-renderings-3-1400x700.jpg 1400w, https:\/\/www.hkarchitekten.at\/v80\/wp-content\/uploads\/2024\/04\/21_17-renderings-3-30x15.jpg 30w\" sizes=\"auto, (max-width: 1600px) 100vw, 1600px\" \/><\/a><figcaption class=\"wp-element-caption\">Ingeborg Pohl Kinderoase an der TUM, M\u00fcnchen | Ruheraum | Rendering K\u00e9r\u00e9 Architecture<\/figcaption><\/figure>\n<\/figure>\n","protected":false},"excerpt":{"rendered":"<p>Corten steel fa\u00e7ade Ingeborg Pohl Kinderoase an der TUM, M\u00fcnchen | Foto Gapp | 2026-01-14 Ingeborg Pohl Kinderoase an der TUM, M\u00fcnchen | Foto Gapp | 2026-01-14 Ingeborg Pohl Kinderoase an der TUM, M\u00fcnchen | Foto HK Architekten | 2026-01-14 Ingeborg Pohl Kinderoase an der TUM, M\u00fcnchen | Foto HK Architekten | 2026-01-14 Ingeborg Pohl Kinderoase an der TUM, M\u00fcnchen | Foto HK Architekten | 2026-01-14 Topping-Out Ceremony On September 3, the Children\u2019s Oasis at the Technical University of Munich celebrated its topping-out ceremony. With great dedication, Fetz Holzbau raised the traditional topping-out tree. Under the late-summer sun, speeches were given by the donor Ingeborg Pohl, architects Francis K\u00e9r\u00e9 and Hermann Kaufmann, as well as project manager Antony Gro\u00df. Following the speeches, guests were invited to tour the construction site. A truly wonderful celebration that has sparked anticipation for the completion of the Children\u2019s Oasis! Production wooden slide, Ziegler GmbH Schreinerei und Innenausbau Ingeborg Pohl Kinderoase an der TUM, M\u00fcnchen | Foto Gapp | 2025-06-17 Ingeborg Pohl Kinderoase an der TUM, M\u00fcnchen | Ansicht Fassade | Rendering K\u00e9r\u00e9 Architecture Ingeborg Pohl Kinderoase an der TUM, M\u00fcnchen | Lageplan | Rendering K\u00e9r\u00e9 Architecture Ingeborg Pohl Kinderoase an der TUM, M\u00fcnchen |<\/p>\n","protected":false},"author":9,"featured_media":77373,"menu_order":0,"template":"","tags":[],"class_list":["post-77708","baublog","type-baublog","status-publish","has-post-thumbnail","hentry"],"acf":[],"_links":{"self":[{"href":"https:\/\/www.hkarchitekten.at\/v80\/en\/wp-json\/wp\/v2\/baublog\/77708","targetHints":{"allow":["GET"]}}],"collection":[{"href":"https:\/\/www.hkarchitekten.at\/v80\/en\/wp-json\/wp\/v2\/baublog"}],"about":[{"href":"https:\/\/www.hkarchitekten.at\/v80\/en\/wp-json\/wp\/v2\/types\/baublog"}],"author":[{"embeddable":true,"href":"https:\/\/www.hkarchitekten.at\/v80\/en\/wp-json\/wp\/v2\/users\/9"}],"version-history":[{"count":5,"href":"https:\/\/www.hkarchitekten.at\/v80\/en\/wp-json\/wp\/v2\/baublog\/77708\/revisions"}],"predecessor-version":[{"id":92739,"href":"https:\/\/www.hkarchitekten.at\/v80\/en\/wp-json\/wp\/v2\/baublog\/77708\/revisions\/92739"}],"wp:featuredmedia":[{"embeddable":true,"href":"https:\/\/www.hkarchitekten.at\/v80\/en\/wp-json\/wp\/v2\/media\/77373"}],"wp:attachment":[{"href":"https:\/\/www.hkarchitekten.at\/v80\/en\/wp-json\/wp\/v2\/media?parent=77708"}],"wp:term":[{"taxonomy":"post_tag","embeddable":true,"href":"https:\/\/www.hkarchitekten.at\/v80\/en\/wp-json\/wp\/v2\/tags?post=77708"}],"curies":[{"name":"wp","href":"https:\/\/api.w.org\/{rel}","templated":true}]}}